{"id":6245,"date":"2020-01-30T09:51:29","date_gmt":"2020-01-30T09:51:29","guid":{"rendered":"https:\/\/wetransform.to\/?post_type=news-and-events&#038;p=6245"},"modified":"2023-06-21T09:54:07","modified_gmt":"2023-06-21T09:54:07","slug":"hale-anwenderforum-2020","status":"publish","type":"news-and-events","link":"https:\/\/wetransform.to\/de\/news-and-events\/hale-anwenderforum-2020\/","title":{"rendered":"hale-Anwenderforum 2020"},"content":{"rendered":"<p>Am 29. und 30. Januar 2020 trafen sich mehr als 40 Experten zum <a href=\"http:\/\/wetransform.to\/de\/haleconnect\" title=\"hale\">hale<\/a>-Anwenderforum.<\/p>\n<h2>Feedback der Teilnehmenden<\/h2>\n<p>\u201eInhaltsreicher und l\u00f6sungsorientierter Austausch\u201c<br \/>\n\u201eEin tolles Treffen der INSPIRE Community \u2013 mit hale habe ich die richtige Entscheidung getroffen\u201c<br \/>\n\u201eder Austausch mit den anderen Teilnehmern bringt viele neue Denkanst\u00f6\u00dfe\u201c<br \/>\n\u201ehinter wetransform steckt ein kompetentes und sympathisches Team\u201c<br \/>\n\u201edie 2 Tage haben sich sehr gelohnt!\u201c<\/p>\n<h2>Pr\u00e4sentationen<\/h2>\n<p><strong>INSPIRE als offene Plattform<\/strong> - Christopher H\u00f6nn &amp; Thorsten Reitz, wetransform GmbH - <a href=\"https:\/\/wetransform.to\/wp-content\/uploads\/2023\/06\/Fachforum_XPlanung_2020-00-Thorsten_Reitz_Anwenderforum_Eroeffnung.pdf\" title=\"PDF Download\">PDF Download<\/a><\/p>\n<p><strong>Innovationsprojekte bei der AdV \u2013 Standardisierte Geodaten mit Mehrwert nutzen<\/strong> - Dr. Markus Seifert, <a href=\"https:\/\/www.ldbv.bayern.de\/vermessung\/adv.html\" title=\"LDBV Bayern &amp; AdV\">LDBV Bayern &amp; AdV<\/a> - <a href=\"https:\/\/wetransform.to\/wp-content\/uploads\/2023\/06\/Fachforum_XPlanung_2020-01-Markus_Seifert_AdV_Innovationsprojekte.pdf\" title=\"PDF Download\">PDF Download<\/a><\/p>\n<p><strong>Transformation der Verwaltung der Stadt Freiburg<\/strong> - Michael Schulz, IT-Leiter <a href=\"https:\/\/www.freiburg.de\/pb\/205243.html\" title=\"Stadt Freiburg\">Stadt Freiburg<\/a> - <a href=\"https:\/\/wetransform.to\/wp-content\/uploads\/2023\/06\/Fachforum_XPlanung_2020-02-Michael_Schulz_IT-Transformation_Freiburg.pdf\" title=\"PDF Download\">PDF Download<\/a><\/p>\n<p><strong>XPlanung als Grundlage innovativer Verwaltungsleistungen und Industrieanwendungen<\/strong> - Xinxin Duan, <a href=\"https:\/\/xleitstelle.de\/\" title=\"Leitstelle XPlanung \/ XBau\">Leitstelle XPlanung \/ XBau<\/a> - <a href=\"https:\/\/wetransform.to\/wp-content\/uploads\/2023\/06\/Fachforum_XPlanung_2020-03-Xinxin_Duan_XPlanung_als_Innovationsgrundlage.pdf\" title=\"PDF Download\">PDF Download<\/a><\/p>\n<p><strong>Workshop I: Werkzeuge f\u00fcr Konformit\u00e4tspr\u00fcfungen <\/strong>- Dejan Deordic, <a href=\"https:\/\/www.lgl-bw.de\/\" title=\"LGL Baden-W\u00fcrttemberg\">LGL Baden-W\u00fcrttemberg<\/a>, Johanna Ott + Thorsten Reitz, wetransform GmbH - <a href=\"https:\/\/wetransform.to\/wp-content\/uploads\/2023\/06\/Fachforum_XPlanung_2020-04a-Johanna_Ott_Werkzeuge_fuer_Konformitaetspruefungen.pdf\" title=\"PDF Download Teil 1\">PDF Download Teil 1<\/a>, <a href=\"https:\/\/wetransform.to\/wp-content\/uploads\/2023\/06\/Fachforum_XPlanung_2020-04b-GDI-BW_Metadaten.pdf\" title=\"PDF Download Teil 2\">PDF Download Teil 2<\/a><\/p>\n<p><strong>Workshop IV: Umsetzung von INSPIRE Coverage-Themen<\/strong> - Florian Esser &amp; Johanna Ott, wetransform GmbH - <a href=\"https:\/\/wetransform.to\/wp-content\/uploads\/2023\/06\/Fachforum_XPlanung_2020-05-Florian_Esser_INSPIRE_Coverage_Umsetzung.pdf\" title=\"PDF Download\">PDF Download<\/a><\/p>\n<p><strong>Weiterentwicklung von INSPIRE \u2013 GeoJSON, GeoPackage, Linked Data und Visualisierung <\/strong>- Thorsten Reitz, wetransform GmbH - <a href=\"https:\/\/wetransform.to\/wp-content\/uploads\/2023\/06\/Fachforum_XPlanung_2020-06-Thorsten_Reitz_Alternative_Encodings.pdf\" title=\"PDF Download\">PDF Download<\/a><\/p>\n","protected":false},"excerpt":{"rendered":"<p>Am 29. und 30. Januar 2020 trafen sich mehr als 40 Experten zum hale-Anwenderforum. Feedback der Teilnehmenden \u201eInhaltsreicher und l\u00f6sungsorientierter Austausch\u201c \u201eEin tolles Treffen der INSPIRE Community \u2013 mit hale habe ich die richtige Entscheidung getroffen\u201c \u201eder Austausch mit den anderen Teilnehmern bringt viele neue Denkanst\u00f6\u00dfe\u201c \u201ehinter wetransform steckt ein kompetentes und sympathisches Team\u201c \u201edie [&hellip;]<\/p>\n","protected":false},"author":1,"featured_media":2077,"menu_order":0,"comment_status":"closed","ping_status":"closed","template":"","meta":{"_acf_changed":false,"inline_featured_image":false,"footnotes":""},"categories":[129],"tags":[287,99,100],"class_list":["post-6245","news-and-events","type-news-and-events","status-publish","has-post-thumbnail","hentry","category-veranstaltungen","tag-fachforum-xplanung","tag-inspire-de","tag-xplanung-de"],"acf":[],"yoast_head":"<!-- This site is optimized with the Yoast SEO Premium plugin v27.5 (Yoast SEO v27.5) - https:\/\/yoast.com\/product\/yoast-seo-premium-wordpress\/ -->\n<title>hale-Anwenderforum 2020 - wetransform<\/title>\n<meta name=\"description\" content=\"Am 29. und 30. Januar trafen sich mehr als 40 Experten zum hale-Anwenderforum f\u00fcr ein Inhaltsreicher und l\u00f6sungsorientierter Austausch.\" \/>\n<meta name=\"robots\" content=\"index, follow, max-snippet:-1, max-image-preview:large, max-video-preview:-1\" \/>\n<link rel=\"canonical\" href=\"https:\/\/wetransform.to\/de\/news-and-events\/hale-anwenderforum-2020\/\" \/>\n<meta property=\"og:locale\" content=\"de_DE\" \/>\n<meta property=\"og:type\" content=\"article\" \/>\n<meta property=\"og:title\" content=\"hale-Anwenderforum 2020\" \/>\n<meta property=\"og:description\" content=\"Am 29. und 30. Januar trafen sich mehr als 40 Experten zum hale-Anwenderforum f\u00fcr ein Inhaltsreicher und l\u00f6sungsorientierter Austausch.\" \/>\n<meta property=\"og:url\" content=\"https:\/\/wetransform.to\/de\/news-and-events\/hale-anwenderforum-2020\/\" \/>\n<meta property=\"og:site_name\" content=\"wetransform\" \/>\n<meta property=\"article:modified_time\" content=\"2023-06-21T09:54:07+00:00\" \/>\n<meta property=\"og:image\" content=\"https:\/\/wetransform.to\/wp-content\/uploads\/2022\/05\/wetransform_hale_userforum_1-scaled.jpg\" \/>\n\t<meta property=\"og:image:width\" content=\"2560\" \/>\n\t<meta property=\"og:image:height\" content=\"1369\" \/>\n\t<meta property=\"og:image:type\" content=\"image\/jpeg\" \/>\n<meta name=\"twitter:card\" content=\"summary_large_image\" \/>\n<meta name=\"twitter:site\" content=\"@wetransformto\" \/>\n<meta name=\"twitter:label1\" content=\"Gesch\u00e4tzte Lesezeit\" \/>\n\t<meta name=\"twitter:data1\" content=\"1\u00a0Minute\" \/>\n<script type=\"application\/ld+json\" class=\"yoast-schema-graph\">{\"@context\":\"https:\\\/\\\/schema.org\",\"@graph\":[{\"@type\":\"WebPage\",\"@id\":\"https:\\\/\\\/wetransform.to\\\/de\\\/news-and-events\\\/hale-anwenderforum-2020\\\/\",\"url\":\"https:\\\/\\\/wetransform.to\\\/de\\\/news-and-events\\\/hale-anwenderforum-2020\\\/\",\"name\":\"hale-Anwenderforum 2020 - wetransform\",\"isPartOf\":{\"@id\":\"http:\\\/\\\/wetransform.to\\\/de\\\/#website\"},\"primaryImageOfPage\":{\"@id\":\"https:\\\/\\\/wetransform.to\\\/de\\\/news-and-events\\\/hale-anwenderforum-2020\\\/#primaryimage\"},\"image\":{\"@id\":\"https:\\\/\\\/wetransform.to\\\/de\\\/news-and-events\\\/hale-anwenderforum-2020\\\/#primaryimage\"},\"thumbnailUrl\":\"https:\\\/\\\/wetransform.to\\\/wp-content\\\/uploads\\\/2022\\\/05\\\/wetransform_hale_userforum_1-scaled.jpg\",\"datePublished\":\"2020-01-30T09:51:29+00:00\",\"dateModified\":\"2023-06-21T09:54:07+00:00\",\"description\":\"Am 29. und 30. Januar trafen sich mehr als 40 Experten zum hale-Anwenderforum f\u00fcr ein Inhaltsreicher und l\u00f6sungsorientierter Austausch.\",\"breadcrumb\":{\"@id\":\"https:\\\/\\\/wetransform.to\\\/de\\\/news-and-events\\\/hale-anwenderforum-2020\\\/#breadcrumb\"},\"inLanguage\":\"de\",\"potentialAction\":[{\"@type\":\"ReadAction\",\"target\":[\"https:\\\/\\\/wetransform.to\\\/de\\\/news-and-events\\\/hale-anwenderforum-2020\\\/\"]}]},{\"@type\":\"ImageObject\",\"inLanguage\":\"de\",\"@id\":\"https:\\\/\\\/wetransform.to\\\/de\\\/news-and-events\\\/hale-anwenderforum-2020\\\/#primaryimage\",\"url\":\"https:\\\/\\\/wetransform.to\\\/wp-content\\\/uploads\\\/2022\\\/05\\\/wetransform_hale_userforum_1-scaled.jpg\",\"contentUrl\":\"https:\\\/\\\/wetransform.to\\\/wp-content\\\/uploads\\\/2022\\\/05\\\/wetransform_hale_userforum_1-scaled.jpg\",\"width\":2560,\"height\":1369},{\"@type\":\"BreadcrumbList\",\"@id\":\"https:\\\/\\\/wetransform.to\\\/de\\\/news-and-events\\\/hale-anwenderforum-2020\\\/#breadcrumb\",\"itemListElement\":[{\"@type\":\"ListItem\",\"position\":1,\"name\":\"Home\",\"item\":\"https:\\\/\\\/wetransform.to\\\/de\\\/\"},{\"@type\":\"ListItem\",\"position\":2,\"name\":\"News & Events\",\"item\":\"https:\\\/\\\/wetransform.to\\\/de\\\/news-and-events\\\/\"},{\"@type\":\"ListItem\",\"position\":3,\"name\":\"hale-Anwenderforum 2020\"}]},{\"@type\":\"WebSite\",\"@id\":\"http:\\\/\\\/wetransform.to\\\/de\\\/#website\",\"url\":\"http:\\\/\\\/wetransform.to\\\/de\\\/\",\"name\":\"wetransform\",\"description\":\"Making environmental data useful and accessible\",\"publisher\":{\"@id\":\"http:\\\/\\\/wetransform.to\\\/de\\\/#organization\"},\"potentialAction\":[{\"@type\":\"SearchAction\",\"target\":{\"@type\":\"EntryPoint\",\"urlTemplate\":\"http:\\\/\\\/wetransform.to\\\/de\\\/?s={search_term_string}\"},\"query-input\":{\"@type\":\"PropertyValueSpecification\",\"valueRequired\":true,\"valueName\":\"search_term_string\"}}],\"inLanguage\":\"de\"},{\"@type\":\"Organization\",\"@id\":\"http:\\\/\\\/wetransform.to\\\/de\\\/#organization\",\"name\":\"wetransform\",\"url\":\"http:\\\/\\\/wetransform.to\\\/de\\\/\",\"logo\":{\"@type\":\"ImageObject\",\"inLanguage\":\"de\",\"@id\":\"http:\\\/\\\/wetransform.to\\\/de\\\/#\\\/schema\\\/logo\\\/image\\\/\",\"url\":\"https:\\\/\\\/wetransform.to\\\/wp-content\\\/uploads\\\/2022\\\/07\\\/large-logo-whitebg.png\",\"contentUrl\":\"https:\\\/\\\/wetransform.to\\\/wp-content\\\/uploads\\\/2022\\\/07\\\/large-logo-whitebg.png\",\"width\":1024,\"height\":1024,\"caption\":\"wetransform\"},\"image\":{\"@id\":\"http:\\\/\\\/wetransform.to\\\/de\\\/#\\\/schema\\\/logo\\\/image\\\/\"},\"sameAs\":[\"https:\\\/\\\/x.com\\\/wetransformto\",\"https:\\\/\\\/www.linkedin.com\\\/company\\\/wetransform-gmbh\\\/\"]}]}<\/script>\n<!-- \/ Yoast SEO Premium plugin. -->","yoast_head_json":{"title":"hale-Anwenderforum 2020 - wetransform","description":"Am 29. und 30. Januar trafen sich mehr als 40 Experten zum hale-Anwenderforum f\u00fcr ein Inhaltsreicher und l\u00f6sungsorientierter Austausch.","robots":{"index":"index","follow":"follow","max-snippet":"max-snippet:-1","max-image-preview":"max-image-preview:large","max-video-preview":"max-video-preview:-1"},"canonical":"https:\/\/wetransform.to\/de\/news-and-events\/hale-anwenderforum-2020\/","og_locale":"de_DE","og_type":"article","og_title":"hale-Anwenderforum 2020","og_description":"Am 29. und 30. Januar trafen sich mehr als 40 Experten zum hale-Anwenderforum f\u00fcr ein Inhaltsreicher und l\u00f6sungsorientierter Austausch.","og_url":"https:\/\/wetransform.to\/de\/news-and-events\/hale-anwenderforum-2020\/","og_site_name":"wetransform","article_modified_time":"2023-06-21T09:54:07+00:00","og_image":[{"width":2560,"height":1369,"url":"https:\/\/wetransform.to\/wp-content\/uploads\/2022\/05\/wetransform_hale_userforum_1-scaled.jpg","type":"image\/jpeg"}],"twitter_card":"summary_large_image","twitter_site":"@wetransformto","twitter_misc":{"Gesch\u00e4tzte Lesezeit":"1\u00a0Minute"},"schema":{"@context":"https:\/\/schema.org","@graph":[{"@type":"WebPage","@id":"https:\/\/wetransform.to\/de\/news-and-events\/hale-anwenderforum-2020\/","url":"https:\/\/wetransform.to\/de\/news-and-events\/hale-anwenderforum-2020\/","name":"hale-Anwenderforum 2020 - wetransform","isPartOf":{"@id":"http:\/\/wetransform.to\/de\/#website"},"primaryImageOfPage":{"@id":"https:\/\/wetransform.to\/de\/news-and-events\/hale-anwenderforum-2020\/#primaryimage"},"image":{"@id":"https:\/\/wetransform.to\/de\/news-and-events\/hale-anwenderforum-2020\/#primaryimage"},"thumbnailUrl":"https:\/\/wetransform.to\/wp-content\/uploads\/2022\/05\/wetransform_hale_userforum_1-scaled.jpg","datePublished":"2020-01-30T09:51:29+00:00","dateModified":"2023-06-21T09:54:07+00:00","description":"Am 29. und 30. Januar trafen sich mehr als 40 Experten zum hale-Anwenderforum f\u00fcr ein Inhaltsreicher und l\u00f6sungsorientierter Austausch.","breadcrumb":{"@id":"https:\/\/wetransform.to\/de\/news-and-events\/hale-anwenderforum-2020\/#breadcrumb"},"inLanguage":"de","potentialAction":[{"@type":"ReadAction","target":["https:\/\/wetransform.to\/de\/news-and-events\/hale-anwenderforum-2020\/"]}]},{"@type":"ImageObject","inLanguage":"de","@id":"https:\/\/wetransform.to\/de\/news-and-events\/hale-anwenderforum-2020\/#primaryimage","url":"https:\/\/wetransform.to\/wp-content\/uploads\/2022\/05\/wetransform_hale_userforum_1-scaled.jpg","contentUrl":"https:\/\/wetransform.to\/wp-content\/uploads\/2022\/05\/wetransform_hale_userforum_1-scaled.jpg","width":2560,"height":1369},{"@type":"BreadcrumbList","@id":"https:\/\/wetransform.to\/de\/news-and-events\/hale-anwenderforum-2020\/#breadcrumb","itemListElement":[{"@type":"ListItem","position":1,"name":"Home","item":"https:\/\/wetransform.to\/de\/"},{"@type":"ListItem","position":2,"name":"News & Events","item":"https:\/\/wetransform.to\/de\/news-and-events\/"},{"@type":"ListItem","position":3,"name":"hale-Anwenderforum 2020"}]},{"@type":"WebSite","@id":"http:\/\/wetransform.to\/de\/#website","url":"http:\/\/wetransform.to\/de\/","name":"wetransform","description":"Making environmental data useful and accessible","publisher":{"@id":"http:\/\/wetransform.to\/de\/#organization"},"potentialAction":[{"@type":"SearchAction","target":{"@type":"EntryPoint","urlTemplate":"http:\/\/wetransform.to\/de\/?s={search_term_string}"},"query-input":{"@type":"PropertyValueSpecification","valueRequired":true,"valueName":"search_term_string"}}],"inLanguage":"de"},{"@type":"Organization","@id":"http:\/\/wetransform.to\/de\/#organization","name":"wetransform","url":"http:\/\/wetransform.to\/de\/","logo":{"@type":"ImageObject","inLanguage":"de","@id":"http:\/\/wetransform.to\/de\/#\/schema\/logo\/image\/","url":"https:\/\/wetransform.to\/wp-content\/uploads\/2022\/07\/large-logo-whitebg.png","contentUrl":"https:\/\/wetransform.to\/wp-content\/uploads\/2022\/07\/large-logo-whitebg.png","width":1024,"height":1024,"caption":"wetransform"},"image":{"@id":"http:\/\/wetransform.to\/de\/#\/schema\/logo\/image\/"},"sameAs":["https:\/\/x.com\/wetransformto","https:\/\/www.linkedin.com\/company\/wetransform-gmbh\/"]}]}},"_links":{"self":[{"href":"https:\/\/wetransform.to\/de\/wp-json\/wp\/v2\/news-and-events\/6245","targetHints":{"allow":["GET"]}}],"collection":[{"href":"https:\/\/wetransform.to\/de\/wp-json\/wp\/v2\/news-and-events"}],"about":[{"href":"https:\/\/wetransform.to\/de\/wp-json\/wp\/v2\/types\/news-and-events"}],"author":[{"embeddable":true,"href":"https:\/\/wetransform.to\/de\/wp-json\/wp\/v2\/users\/1"}],"replies":[{"embeddable":true,"href":"https:\/\/wetransform.to\/de\/wp-json\/wp\/v2\/comments?post=6245"}],"version-history":[{"count":3,"href":"https:\/\/wetransform.to\/de\/wp-json\/wp\/v2\/news-and-events\/6245\/revisions"}],"predecessor-version":[{"id":6283,"href":"https:\/\/wetransform.to\/de\/wp-json\/wp\/v2\/news-and-events\/6245\/revisions\/6283"}],"wp:featuredmedia":[{"embeddable":true,"href":"https:\/\/wetransform.to\/de\/wp-json\/wp\/v2\/media\/2077"}],"wp:attachment":[{"href":"https:\/\/wetransform.to\/de\/wp-json\/wp\/v2\/media?parent=6245"}],"wp:term":[{"taxonomy":"category","embeddable":true,"href":"https:\/\/wetransform.to\/de\/wp-json\/wp\/v2\/categories?post=6245"},{"taxonomy":"post_tag","embeddable":true,"href":"https:\/\/wetransform.to\/de\/wp-json\/wp\/v2\/tags?post=6245"}],"curies":[{"name":"wp","href":"https:\/\/api.w.org\/{rel}","templated":true}]}}